{"id":192,"date":"2014-01-12T15:30:07","date_gmt":"2014-01-12T14:30:07","guid":{"rendered":"http:\/\/ferienwohnungamguckenberg.de\/?p=192"},"modified":"2014-02-03T12:23:05","modified_gmt":"2014-02-03T11:23:05","slug":"lahnradweg","status":"publish","type":"post","link":"https:\/\/ferienwohnungamguckenberg.de\/?p=192","title":{"rendered":"Lahnradweg"},"content":{"rendered":"<p>Der Lahnradweg begleitet einem der romantischen Fl\u00fcsse von der Quelle bei Bad Laasphe bis zur M\u00fcndung in den Rhein bei Lahnstein. Von Diez f\u00fchrt der Weg Flu\u00df aufw\u00e4rts nach Limburg und Weilburg oder abw\u00e4rts bis Lahnstein. Der Weg ist mit Schildern in gr\u00fcner Schrift auf wei\u00dfem Grund gut ausgeschildert.<\/p>\n<p>Zur Zeit wird der Weg im Bereich der Baustelle der neuen Autobahnbr\u00fccke in Limburg umgeleitet.<\/p>\n<p>Die Strecke Diez Lahnstein betr\u00e4gt ca. 55 km., Das Steckenprofil ist meist flach bis auf kurze Steigungen beim Kloster Arnstein und in Nassau.<\/p>\n<p>Die L\u00fccke zwischen den Gemeinden Geilnau und Laurenburg soll in den kommenden Jahren geschlossen werden. Bis dahin empfiehlst sich eine kostenlose Fahrt mit der Bahn von Balduinenstein nach Laurenburg statt einer Fahrt auf dem provisorischen Treidelweg oder auf der steilen Ausweichstrecke \u00fcber Scheidt.<\/p>\n<p>F\u00fcr den R\u00fcckweg kann die Lahntalbahn genutzt werden.<\/p>\n<p>&nbsp;<\/p>\n","protected":false},"excerpt":{"rendered":"<p>Der Lahnradweg begleitet einem der romantischen Fl\u00fcsse von der Quelle bei Bad Laasphe bis zur M\u00fcndung in den Rhein bei Lahnstein. Von Diez f\u00fchrt der Weg Flu\u00df aufw\u00e4rts nach Limburg und Weilburg oder abw\u00e4rts bis Lahnstein. Der Weg ist mit Schildern in gr\u00fcner Schrift auf wei\u00dfem Grund gut ausgeschildert. Zur Zeit wird der Weg im [&hellip;]<\/p>\n","protected":false},"author":2,"featured_media":227,"comment_status":"closed","ping_status":"open","sticky":false,"template":"","format":"aside","meta":{"footnotes":""},"categories":[3,4,5],"tags":[23,19,10,22,9],"_links":{"self":[{"href":"https:\/\/ferienwohnungamguckenberg.de\/index.php?rest_route=\/wp\/v2\/posts\/192"}],"collection":[{"href":"https:\/\/ferienwohnungamguckenberg.de\/index.php?rest_route=\/wp\/v2\/posts"}],"about":[{"href":"https:\/\/ferienwohnungamguckenberg.de\/index.php?rest_route=\/wp\/v2\/types\/post"}],"author":[{"embeddable":true,"href":"https:\/\/ferienwohnungamguckenberg.de\/index.php?rest_route=\/wp\/v2\/users\/2"}],"replies":[{"embeddable":true,"href":"https:\/\/ferienwohnungamguckenberg.de\/index.php?rest_route=%2Fwp%2Fv2%2Fcomments&post=192"}],"version-history":[{"count":1,"href":"https:\/\/ferienwohnungamguckenberg.de\/index.php?rest_route=\/wp\/v2\/posts\/192\/revisions"}],"predecessor-version":[{"id":193,"href":"https:\/\/ferienwohnungamguckenberg.de\/index.php?rest_route=\/wp\/v2\/posts\/192\/revisions\/193"}],"wp:featuredmedia":[{"embeddable":true,"href":"https:\/\/ferienwohnungamguckenberg.de\/index.php?rest_route=\/wp\/v2\/media\/227"}],"wp:attachment":[{"href":"https:\/\/ferienwohnungamguckenberg.de\/index.php?rest_route=%2Fwp%2Fv2%2Fmedia&parent=192"}],"wp:term":[{"taxonomy":"category","embeddable":true,"href":"https:\/\/ferienwohnungamguckenberg.de\/index.php?rest_route=%2Fwp%2Fv2%2Fcategories&post=192"},{"taxonomy":"post_tag","embeddable":true,"href":"https:\/\/ferienwohnungamguckenberg.de\/index.php?rest_route=%2Fwp%2Fv2%2Ftags&post=192"}],"curies":[{"name":"wp","href":"https:\/\/api.w.org\/{rel}","templated":true}]}}